{"id":10863,"date":"2022-04-12T00:00:00","date_gmt":"2022-04-11T22:00:00","guid":{"rendered":"https:\/\/foundationmaxvanderstoel.nl\/autocratische_leiders_in_servie_en_hongarije_boeken_grote_verkiezingsoverwinning\/"},"modified":"2023-01-09T16:58:37","modified_gmt":"2023-01-09T15:58:37","slug":"autocratische_leiders_in_servie_en_hongarije_boeken_grote_verkiezingsoverwinning","status":"publish","type":"post","link":"https:\/\/foundationmaxvanderstoel.nl\/en\/autocratische_leiders_in_servie_en_hongarije_boeken_grote_verkiezingsoverwinning\/","title":{"rendered":"Autocratic leaders in Serbia and Hungary record major election victory"},"content":{"rendered":"<p><em><em>Orb\u00e1n in 2017 (<a href=\"https:\/\/flickr.com\/photos\/eu2017ee\/36668748864\/in\/photolist-XShVw1-XShVgG-7HigrR-7HnbE9-98ybLd-8ac54a-8afgAb-8afkWY-8afm69-e4yaqA-edqGjd-ahv9ht-AHmLRC-KsFtc-A6zWM5-AKxFKv-ArWtHL-A8UvUF-A8Uhm8-AGg8X7-AJxBWZ-zMvyew-AKxc4c-zMvKof-AHmR3J-A6ztHe-A6zmUf-AJxJQP-AGeNij-4Vvxh2-A6zUQ9-zMwdjQ-AKx9on-ArWJoY-A8TjoB-A8TsPK-AGfMiG-ArWku1-A6yRnt-A6zjhw-AGfHSo-AJwZT6-ArWsKJ-A6z1Bb-zMEk4e-zMvXkG-zMDLP4-AKwPNr-A8Tv9z-AGfjgA\" rel=\"noopener\">Flickr<\/a>)\u00a0<\/em><\/em><\/p>\n<p><em>Pro-European, democratic parties in Eastern Europe are suffering a setback after autocratic incumbents in both Hungary and Serbia won major electoral victories. Parliamentary elections were held in both countries on Sunday 3 April. In addition, presidential and local elections also took place in Serbia. The elections were characterised by an uneven playing field between the rulers Orb\u00e1n (Hungary) and Vu\u010di\u0107 (Serbia), and the opposition. In both countries, the opposition was united but failed to achieve any successes.<\/em><\/p>\n<p><strong>Hungary<\/strong><\/p>\n<p>In Hungary, incumbent prime minister Viktor Orb\u00e1n won a convincing majority with his Fidesz party. His party won 53% of the votes, a big difference from the opposition, which won 35% of the votes. He can continue to govern in the current set-up, and has even won a two-thirds 'super majority' in parliament. This gives Orb\u00e1n far-reaching powers to further encapsulate and demolish the country's political institutions. He is also expected to want to give more power to loyal industries in Hungary's domestic economy. Hungary, the EU's only \"partial democracy\" in the <a href=\"https:\/\/freedomhouse.org\/country\/hungary\/freedom-world\/2020\" rel=\"noopener\">Freedom House Index<\/a>, will thereby drift even further away from the Union's democratic values.<\/p>\n<p>The united Hungarian opposition, led by centre-right prime ministerial candidate P\u00e9ter M\u00e1rki-Zay, could not make a fist against Orb\u00e1n. The Fidesz party completely controls the media landscape. Whereas Orb\u00e1n can be seen several times daily on national channels, M\u00e1rki-Zay only got the legally required five minutes of airtime once. Because Fidesz has redistributed the constituencies to its own advantage, the opposition needs 3% to 5% more votes to gain a majority in parliament.<\/p>\n<p>The European Commission has now launched a procedure that could stop European subsidies to Hungary. Hungary receives large amounts of European funds, and the hope is that this will move Orb\u00e1n to return to the path towards democracy. For now, he seems to care little about a threat from Brussels. At his victory speech, he said, \"our victory is so great that you can see it from the moon, and especially from Brussels.\"<\/p>\n<p><strong>Serbia<\/strong><\/p>\n<p>The situation in Serbia is not much better. President Vu\u010di\u0107 won a very large victory over united opposition candidate Zdravko Pono\u0161 (60% to 19%). The opposition, having not participated in the previous 2020 parliamentary elections, hoped to force Vu\u010di\u0107 into a second round and regain seats in parliament. This happened only marginally, and Vu\u010di\u0107 can continue to rule unchallenged.<\/p>\n<p>Free elections cannot be spoken of in Serbia either. The media landscape and several political institutions are in the hands of Vu\u010di\u0107 and his SNS party. Several irregularities have also been reported in the electoral process. Observers were not allowed to enter polling sites and intimidation took place around polling booths. Also, the president of opposition party PSG was attacked outside a polling location by SNS party members.<\/p>\n<p><strong>Repercussions for the regions shaky geopolitical situation<\/strong><\/p>\n<p>As Russia's invasion of Ukraine rages on, there were high hopes that the elections in Hungary and Serbia would produce a more democratic, and pro-European course. Yet, especially in Serbia, the big win for Vu\u010di\u0107 was already expected. The resigned victories of Orb\u00e1n and Vu\u010di\u0107 only seem to give more reason for both rulers to continue the current course.<\/p>\n<p>Both countries were close allies of the Kremlin before the war, and are now in a split on sanctions, arms supplies and condemning the Russian invasion. Both Hungary and Serbia are highly dependent on Russian energy supplies.<\/p>\n<p>In addition, the EU's eyes are on the Western Balkans. A number of countries are waiting wistfully to join the EU. Serbia, too, has long wanted to join the Union. However, negotiations in many cases have not yet started or have come to a complete standstill. The influence of Serbia and Hungary in the region is strong - and a further return to authoritarian politics will only make EU entry more unlikely. Currently, concerns are very high about Bosnia, where Orb\u00e1n-style Serbian entity president Milorad Dodik is taking over politics and pushing the country into great instability.<\/p>\n<p>It is crucial to halt autocratic tendencies in the region. Right now, the Russian military threat demands European unity. Other countries in Eastern Europe and the Western Balkans see the importance of regional democratic cooperation for collective security. Curtailing subsidies to bring Serbia and Hungary back on the democratic path is a first step to bring this about.<\/p>\n<p><strong>Sources: <\/strong><a href=\"https:\/\/www.rferl.org\/a\/hungary-serbia-elections-uneven\/31785523.html\" rel=\"noopener\">Radio Free Europe<\/a> <a href=\"https:\/\/www.gmfus.org\/news\/implications-hungarys-elections-its-euro-atlantic-partners\" rel=\"noopener\">GMF<\/a> <a href=\"https:\/\/www.euronews.com\/2022\/04\/03\/hungary-election-live-voting-closes-as-viktor-orban-seeks-fifth-term-in-office\" rel=\"noopener\">Euronews I<\/a> <a href=\"https:\/\/www.euronews.com\/2022\/04\/05\/us-hungary-election\" rel=\"noopener\">Euronews II<\/a> <a href=\"https:\/\/www.trouw.nl\/buitenland\/wat-betekent-de-monsterzege-van-orban-voor-hongarije~b939085b\/?utm_source=link&amp;utm_medium=app&amp;utm_campaign=shared%20content&amp;utm_content=free\" rel=\"noopener\">Wed<\/a> <a href=\"https:\/\/www.politico.eu\/article\/hungarys-illiberal-infection-of-the-western-balkans-viktor-orban\/\" rel=\"noopener\">Politico<\/a> <a href=\"https:\/\/www.reuters.com\/world\/europe\/serbians-go-polls-pick-president-parliament-amid-ukraine-war-2022-04-03\/\" rel=\"noopener\">Reuters<\/a>\u00a0<a href=\"https:\/\/www.rferl.org\/a\/serbia-opposition-ponos-pragmatic\/31781831.html\" rel=\"noopener\">Radio Free Europe I<\/a>\u00a0<a href=\"https:\/\/www.rferl.org\/a\/serbia-vucic-elections-sns-victory\/31784911.html\" rel=\"noopener\">Radio Free Europe II<\/a>\u00a0<a href=\"https:\/\/balkaninsight.com\/2022\/04\/03\/serbian-president-ruling-party-won-elections\/\" rel=\"noopener\">Balkan Insight I<\/a>\u00a0<a href=\"https:\/\/www.bbc.com\/news\/world-europe-60978097\" rel=\"noopener\">BBC<\/a>\u00a0<a href=\"https:\/\/balkaninsight.com\/2022\/04\/04\/election-victor-in-serbian-capital-still-uncertain\/\" rel=\"noopener\">Balkan Insight II<\/a>\u00a0<\/p>\n<p><a href=\"https:\/\/flickr.com\/photos\/eu2017ee\/36668748864\/in\/photolist-XShVw1-XShVgG-7HigrR-7HnbE9-98ybLd-8ac54a-8afgAb-8afkWY-8afm69-e4yaqA-edqGjd-ahv9ht-AHmLRC-KsFtc-A6zWM5-AKxFKv-ArWtHL-A8UvUF-A8Uhm8-AGg8X7-AJxBWZ-zMvyew-AKxc4c-zMvKof-AHmR3J-A6ztHe-A6zmUf-AJxJQP-AGeNij-4Vvxh2-A6zUQ9-zMwdjQ-AKx9on-ArWJoY-A8TjoB-A8TsPK-AGfMiG-ArWku1-A6yRnt-A6zjhw-AGfHSo-AJwZT6-ArWsKJ-A6z1Bb-zMEk4e-zMvXkG-zMDLP4-AKwPNr-A8Tv9z-AGfjgA\" rel=\"noopener\"><strong>Photo:\u00a0<\/strong>Flickr<\/a><span>\u00a0<\/span><\/p>","protected":false},"excerpt":{"rendered":"<p>Pro-European, democratic parties in Eastern Europe are suffering a setback after autocratic incumbents in both Hungary and Serbia won major electoral victories. Parliamentary elections were held in both countries on Sunday 3 April. In addition, presidential and local elections also took place in Serbia. The elections were characterised by an uneven playing field between the rulers Orb\u00e1n (Hungary) and Vu\u010di\u0107 (Serbia), and the opposition. In both countries, the opposition was united but failed to achieve any successes.<\/p>","protected":false},"author":1,"featured_media":5716,"comment_status":"closed","ping_status":"closed","sticky":false,"template":"","format":"standard","meta":{"footnotes":""},"categories":[26],"tags":[],"class_list":["post-10863","post","type-post","status-publish","format-standard","has-post-thumbnail","hentry","category-democracy","location-servie","region-oost-europa","region-zuidoost-europa"],"_links":{"self":[{"href":"https:\/\/foundationmaxvanderstoel.nl\/en\/wp-json\/wp\/v2\/posts\/10863","targetHints":{"allow":["GET"]}}],"collection":[{"href":"https:\/\/foundationmaxvanderstoel.nl\/en\/wp-json\/wp\/v2\/posts"}],"about":[{"href":"https:\/\/foundationmaxvanderstoel.nl\/en\/wp-json\/wp\/v2\/types\/post"}],"author":[{"embeddable":true,"href":"https:\/\/foundationmaxvanderstoel.nl\/en\/wp-json\/wp\/v2\/users\/1"}],"replies":[{"embeddable":true,"href":"https:\/\/foundationmaxvanderstoel.nl\/en\/wp-json\/wp\/v2\/comments?post=10863"}],"version-history":[{"count":0,"href":"https:\/\/foundationmaxvanderstoel.nl\/en\/wp-json\/wp\/v2\/posts\/10863\/revisions"}],"wp:featuredmedia":[{"embeddable":true,"href":"https:\/\/foundationmaxvanderstoel.nl\/en\/wp-json\/wp\/v2\/media\/5716"}],"wp:attachment":[{"href":"https:\/\/foundationmaxvanderstoel.nl\/en\/wp-json\/wp\/v2\/media?parent=10863"}],"wp:term":[{"taxonomy":"category","embeddable":true,"href":"https:\/\/foundationmaxvanderstoel.nl\/en\/wp-json\/wp\/v2\/categories?post=10863"},{"taxonomy":"post_tag","embeddable":true,"href":"https:\/\/foundationmaxvanderstoel.nl\/en\/wp-json\/wp\/v2\/tags?post=10863"}],"curies":[{"name":"wp","href":"https:\/\/api.w.org\/{rel}","templated":true}]}}